{"provider_url": "https://www.itapetim.pe.leg.br", "title": "PROJETOS DE LEI DO LEGISLATIVO 2024", "html": "<table class=\"plain\">\r\n<tbody>\r\n<tr>\r\n<td>\r\n<p align=\"center\"><b>ESP\u00c9CIE</b></p>\r\n</td>\r\n<td>\r\n<p align=\"center\"><b>N\u00daMERO</b></p>\r\n</td>\r\n<td>\r\n<p align=\"center\"><b>EMENTA</b></p>\r\n</td>\r\n<td>\r\n<p align=\"center\"><b>AUTOR</b></p>\r\n</td>\r\n<td>\r\n<p align=\"center\"><b>DATA DA DELIBERA\u00c7\u00c3O</b></p>\r\n</td>\r\n<td>\r\n<p align=\"center\"><b>RESULTADO</b></p>\r\n</td>\r\n<td>\r\n<p align=\"center\"><b>ARQUIVO</b></p>\r\n</td>\r\n</tr>\r\n<tr>\r\n<td>\r\n<p align=\"center\">Projeto de Lei</p>\r\n</td>\r\n<td>\r\n<p align=\"center\">001/2024</p>\r\n</td>\r\n<td>\r\n<p>Disp\u00f5e sobre Projeto de lei que cria nome de escola padr\u00e3o FNDE no bairro Santo Ant\u00f4nio, passa a ser\u00a0<strong>Ant\u00f4nio Francisco do Nascimento,\u00a0</strong>nesta Munic\u00edpio de Itapetim/ PE, e d\u00e1 outras provid\u00eancias.</p>\r\n</td>\r\n<td>\r\n<p align=\"center\">Vereador Di\u00f3genes Paes da Silva</p>\r\n<p align=\"center\">Vereador\u00a0 \u00a0 Carlos Alberto Nunes Leite</p>\r\n<p align=\"center\">Vereador\u00a0 \u00a0Silvano Cavalcante de Lucena</p>\r\n</td>\r\n<td>\r\n<p align=\"center\">21/02/2024</p>\r\n</td>\r\n<td>\r\n<p align=\"center\">Aprovado</p>\r\n</td>\r\n<td>\r\n<p align=\"center\"><a title=\"\" href=\"https://www.itapetim.pe.leg.br/leis/projetos-de-leis-1/projetos-de-lei-do-legislativo-001-2024.pdf\" class=\"internal-link\" target=\"_self\"><img src=\"https://www.itapetim.pe.leg.br/kisspngdownloadpdfdigitalmobileradioinformation5ae11add4ce077.7111571215247019173149.png/@@images/be1bd227-e12a-4ff4-a4bd-b148d7cb2990.png\" alt=\"\" class=\"image-inline\" title=\"\" /></a></p>\r\n</td>\r\n</tr>\r\n<tr>\r\n<td>\r\n<p align=\"center\">\u00a0</p>\r\n</td>\r\n<td>\r\n<p align=\"center\">\u00a0</p>\r\n</td>\r\n<td>\r\n<p>\u00a0</p>\r\n</td>\r\n<td>\r\n<p align=\"center\">\u00a0</p>\r\n</td>\r\n<td>\r\n<p align=\"center\">\u00a0</p>\r\n</td>\r\n<td>\r\n<p align=\"center\">\u00a0</p>\r\n</td>\r\n<td></td>\r\n</tr>\r\n<tr>\r\n<td>\r\n<p align=\"center\"><span>Projeto de Lei</span></p>\r\n</td>\r\n<td>\r\n<p align=\"center\"><span>002/2024</span></p>\r\n</td>\r\n<td>\r\n<p><span>Disp\u00f5e sobre Projeto de lei que cria nome de bloco cir\u00fargico do Hospital Maria Silva, passa a ser\u00a0<strong>Jo\u00e3o Pereira Borges Neto,\u00a0</strong>neste Munic\u00edpio de Itapetim/PE, e d\u00e1 outras provid\u00eancias.\u00a0</span></p>\r\n</td>\r\n<td>\r\n<p align=\"center\">Vereador Di\u00f3genes Paes da Silva</p>\r\n<p align=\"center\">Vereador\u00a0 \u00a0\u00a0<span style=\"text-align: left; \">Carlos Alberto Nunes Leite</span></p>\r\n<p align=\"center\">Vereador\u00a0 \u00a0Silvano Cavalcante de Lucena</p>\r\n<p align=\"center\">\u00a0</p>\r\n</td>\r\n<td>\r\n<p align=\"center\">21/02/2024\u00a0</p>\r\n</td>\r\n<td>\r\n<p align=\"center\">\u00a0Aprovado</p>\r\n</td>\r\n<td><a title=\"\" href=\"https://www.itapetim.pe.leg.br/leis/projetos-de-leis-1/projetos-de-lei-do-legislativo-002-2024.pdf\" class=\"internal-link\" target=\"_self\"><img src=\"https://www.itapetim.pe.leg.br/kisspngdownloadpdfdigitalmobileradioinformation5ae11add4ce077.7111571215247019173149.png/@@images/be1bd227-e12a-4ff4-a4bd-b148d7cb2990.png\" alt=\"\" class=\"image-inline\" title=\"\" /></a></td>\r\n</tr>\r\n<tr>\r\n<td>\r\n<p align=\"center\">\u00a0</p>\r\n</td>\r\n<td>\r\n<p align=\"center\">\u00a0</p>\r\n</td>\r\n<td>\r\n<p>\u00a0</p>\r\n</td>\r\n<td>\r\n<p align=\"center\">\u00a0</p>\r\n</td>\r\n<td>\r\n<p align=\"center\">\u00a0</p>\r\n</td>\r\n<td>\r\n<p align=\"center\">\u00a0</p>\r\n</td>\r\n<td></td>\r\n</tr>\r\n<tr>\r\n<td>\r\n<p align=\"center\"><span><span>Projeto de Lei</span></span></p>\r\n</td>\r\n<td>\r\n<p align=\"center\"><span>003/2024</span></p>\r\n</td>\r\n<td>\r\n<p><span><span>Disp\u00f5e sobre Projeto de lei que cria nome de pra\u00e7a onde fica a capela pr\u00f3ximo aos cemit\u00e9rios, passa a ser pra\u00e7a <strong>Pe. Jos\u00e9 Viana da Silva Sobrinho, </strong>neste Munic\u00edpio de Itapetim/PE, e d\u00e1 outras provid\u00eancias.</span></span></p>\r\n</td>\r\n<td>\r\n<p align=\"center\">\u00a0</p>\r\n<p align=\"center\">Vereador Di\u00f3genes Paes da Silva</p>\r\n<p align=\"center\">Vereador\u00a0 \u00a0\u00a0<span>Carlos Alberto Nunes Leite</span></p>\r\n<p align=\"center\">Vereador\u00a0 \u00a0Silvano Cavalcante de Lucena</p>\r\n</td>\r\n<td>\r\n<p align=\"center\">\u00a021/02/2024</p>\r\n</td>\r\n<td>\r\n<p align=\"center\">Aprovado\u00a0\u00a0</p>\r\n</td>\r\n<td><a title=\"\" href=\"https://www.itapetim.pe.leg.br/leis/projetos-de-leis-1/projetos-de-lei-do-legislativo-003-2024.pdf\" class=\"internal-link\" target=\"_self\"><img src=\"https://www.itapetim.pe.leg.br/kisspngdownloadpdfdigitalmobileradioinformation5ae11add4ce077.7111571215247019173149.png/@@images/be1bd227-e12a-4ff4-a4bd-b148d7cb2990.png\" alt=\"\" class=\"image-inline\" title=\"\" /></a></td>\r\n</tr>\r\n<tr>\r\n<td>\r\n<p align=\"center\">\u00a0</p>\r\n</td>\r\n<td>\r\n<p align=\"center\">\u00a0</p>\r\n</td>\r\n<td>\r\n<p>\u00a0</p>\r\n</td>\r\n<td>\r\n<p align=\"center\">\u00a0</p>\r\n</td>\r\n<td>\r\n<p align=\"center\">\u00a0</p>\r\n</td>\r\n<td>\r\n<p align=\"center\">\u00a0</p>\r\n</td>\r\n<td></td>\r\n</tr>\r\n<tr>\r\n<td>\r\n<p align=\"center\">\u00a0<span>Projeto de Lei</span></p>\r\n</td>\r\n<td>\r\n<p align=\"center\"><span>004/2024</span>\u00a0</p>\r\n</td>\r\n<td>\r\n<p>\u00a0<span>Disp\u00f5e sobre Projeto de lei que cria nome da Rua projetada 05, localizada no Bairro Maria de Lourdes, passa a ser\u00a0<strong>Rua Otaviano Correia da Silva</strong></span><strong>,\u00a0</strong><span>neste Munic\u00edpio de Itapetim/PE, e d\u00e1 outras provid\u00eancias.</span></p>\r\n</td>\r\n<td>\r\n<p align=\"center\">Vereador Di\u00f3genes Paes da Silva</p>\r\n<p align=\"center\">Vereador\u00a0 \u00a0\u00a0Carlos Alberto Nunes Leite</p>\r\n<p align=\"center\">Vereador\u00a0 \u00a0Silvano Cavalcante de Lucena</p>\r\n<p align=\"center\">\u00a0</p>\r\n</td>\r\n<td>\r\n<p align=\"center\">13/03/2024\u00a0</p>\r\n</td>\r\n<td>\r\n<p align=\"center\">Aprovado\u00a0</p>\r\n</td>\r\n<td><a title=\"\" href=\"https://www.itapetim.pe.leg.br/leis/projetos-de-leis-1/projetos-de-lei-do-legislativo-004-2024.pdf\" class=\"internal-link\" target=\"_self\"><img src=\"https://www.itapetim.pe.leg.br/kisspngdownloadpdfdigitalmobileradioinformation5ae11add4ce077.7111571215247019173149.png/@@images/be1bd227-e12a-4ff4-a4bd-b148d7cb2990.png\" alt=\"\" class=\"image-inline\" title=\"\" /></a></td>\r\n</tr>\r\n<tr>\r\n<td>\r\n<p align=\"center\">\u00a0</p>\r\n</td>\r\n<td>\r\n<p align=\"center\">\u00a0</p>\r\n</td>\r\n<td>\r\n<p>\u00a0</p>\r\n</td>\r\n<td>\r\n<p align=\"center\">\u00a0</p>\r\n</td>\r\n<td>\r\n<p align=\"center\">\u00a0</p>\r\n</td>\r\n<td>\r\n<p align=\"center\">\u00a0</p>\r\n</td>\r\n<td></td>\r\n</tr>\r\n<tr>\r\n<td>\r\n<p align=\"center\">\u00a0<span>\u00a0</span><span>Projeto de Lei</span></p>\r\n</td>\r\n<td>\r\n<p align=\"center\"><span>005/2024</span><span>\u00a0</span>\u00a0</p>\r\n</td>\r\n<td>\r\n<p>\u00a0<span>Disp\u00f5e sobre Projeto de lei que cria nome da Rua projetada 07, localizada no Bairro Maria de Lourdes, passa a ser\u00a0<strong>Rua Jos\u00e9 C\u00e2ndido da Silva Filho</strong></span><strong>,\u00a0</strong><span>neste Munic\u00edpio de Itapetim/PE, e d\u00e1 outras provid\u00eancias.</span></p>\r\n</td>\r\n<td>\r\n<p align=\"center\">\u00a0</p>\r\n<p align=\"center\">Vereador Di\u00f3genes Paes da Silva</p>\r\n<p align=\"center\">Vereador\u00a0 \u00a0\u00a0Carlos Alberto Nunes Leite</p>\r\n<p align=\"center\">Vereador\u00a0 \u00a0Silvano Cavalcante de Lucena</p>\r\n</td>\r\n<td>\r\n<p align=\"center\">\u00a013/03/2024</p>\r\n</td>\r\n<td>\r\n<p align=\"center\">\u00a0Aprovado</p>\r\n</td>\r\n<td><a title=\"\" href=\"https://www.itapetim.pe.leg.br/leis/projetos-de-leis-1/projetos-de-lei-do-legislativo-005-2024.pdf\" class=\"internal-link\" target=\"_self\"><img src=\"https://www.itapetim.pe.leg.br/kisspngdownloadpdfdigitalmobileradioinformation5ae11add4ce077.7111571215247019173149.png/@@images/be1bd227-e12a-4ff4-a4bd-b148d7cb2990.png\" alt=\"\" class=\"image-inline\" title=\"\" /></a></td>\r\n</tr>\r\n<tr>\r\n<td>\r\n<p align=\"center\">\u00a0</p>\r\n</td>\r\n<td>\r\n<p align=\"center\">\u00a0</p>\r\n</td>\r\n<td>\r\n<p>\u00a0</p>\r\n</td>\r\n<td>\r\n<p align=\"center\">\u00a0</p>\r\n</td>\r\n<td>\r\n<p align=\"center\">\u00a0</p>\r\n</td>\r\n<td>\r\n<p align=\"center\">\u00a0</p>\r\n</td>\r\n<td></td>\r\n</tr>\r\n<tr>\r\n<td>\r\n<p align=\"center\"><span>\u00a0</span><span>Projeto de Lei</span>\u00a0</p>\r\n</td>\r\n<td>\r\n<p align=\"center\"><span>006/2024</span><span>\u00a0</span>\u00a0</p>\r\n</td>\r\n<td>\r\n<p>\u00a0<span>Disp\u00f5e sobre Projeto de lei que cria nome da Rua, pr\u00f3ximo a barragem do Padre ao lado da Rua Jos\u00e9 Gongo, passa a ser\u00a0<strong>Rua Argemiro Barbosa Gomes,</strong></span><strong>\u00a0</strong><span>neste Munic\u00edpio de Itapetim/PE, e d\u00e1 outras provid\u00eancias.</span></p>\r\n</td>\r\n<td>\r\n<p align=\"center\">Vereador Di\u00f3genes Paes da Silva</p>\r\n<p align=\"center\">Vereador\u00a0 \u00a0 Bernardino Gomes Barbosa</p>\r\n<p align=\"center\">Vereadora\u00a0 \u00a0Maria Edilene Lopes</p>\r\n<p align=\"center\">\u00a0</p>\r\n</td>\r\n<td>\r\n<p align=\"center\">20/03/2024\u00a0</p>\r\n</td>\r\n<td>\r\n<p align=\"center\">Aprovado\u00a0</p>\r\n</td>\r\n<td><a title=\"\" href=\"https://www.itapetim.pe.leg.br/leis/projetos-de-leis-1/projetos-de-lei-do-legislativo-006-2024.pdf\" class=\"internal-link\" target=\"_self\"><img src=\"https://www.itapetim.pe.leg.br/kisspngdownloadpdfdigitalmobileradioinformation5ae11add4ce077.7111571215247019173149.png/@@images/be1bd227-e12a-4ff4-a4bd-b148d7cb2990.png\" alt=\"\" class=\"image-inline\" title=\"\" /></a></td>\r\n</tr>\r\n<tr>\r\n<td>\r\n<p align=\"center\">\u00a0</p>\r\n</td>\r\n<td>\r\n<p align=\"center\">\u00a0</p>\r\n</td>\r\n<td>\r\n<p>\u00a0</p>\r\n</td>\r\n<td>\r\n<p align=\"center\">\u00a0</p>\r\n</td>\r\n<td>\r\n<p align=\"center\">\u00a0</p>\r\n</td>\r\n<td>\r\n<p align=\"center\">\u00a0</p>\r\n</td>\r\n<td></td>\r\n</tr>\r\n<tr>\r\n<td>\r\n<p align=\"center\">\u00a0<span>\u00a0</span><span>Projeto de Lei</span></p>\r\n</td>\r\n<td>\r\n<p align=\"center\"><span>007/2024</span><span>\u00a0</span>\u00a0</p>\r\n</td>\r\n<td>\r\n<p>\u00a0<span>\u00a0</span><span>Disp\u00f5e sobre Projeto de lei que cria nome da nova UBS (Unidade B\u00e1sica de Sa\u00fade), que ser\u00e1 construida no Bairro Maria de Lourdes, passa a ser\u00a0<strong>UBS C\u00e2ndido Maria dos Santos Moura,\u00a0</strong></span><span>neste Munic\u00edpio de Itapetim/PE, e d\u00e1 outras provid\u00eancias.</span></p>\r\n</td>\r\n<td>\r\n<p align=\"center\">Vereador Di\u00f3genes Paes da Silva</p>\r\n<p align=\"center\">Vereador\u00a0 \u00a0 Jos\u00e9 Rom\u00e3o Pereira Alves</p>\r\n<p align=\"center\">Vereador\u00a0 \u00a0Silvano Cavalcante de Lucena</p>\r\n<p align=\"center\">\u00a0</p>\r\n</td>\r\n<td>\r\n<p align=\"center\">20/03/2024\u00a0</p>\r\n</td>\r\n<td>\r\n<p align=\"center\">Aprovado\u00a0</p>\r\n</td>\r\n<td><a title=\"\" href=\"https://www.itapetim.pe.leg.br/leis/projetos-de-leis-1/projetos-de-lei-do-legislativo-007-2024.pdf\" class=\"internal-link\" target=\"_self\"><img src=\"https://www.itapetim.pe.leg.br/kisspngdownloadpdfdigitalmobileradioinformation5ae11add4ce077.7111571215247019173149.png/@@images/be1bd227-e12a-4ff4-a4bd-b148d7cb2990.png\" alt=\"\" class=\"image-inline\" title=\"\" /></a></td>\r\n</tr>\r\n<tr>\r\n<td>\r\n<p align=\"center\">\u00a0</p>\r\n</td>\r\n<td>\r\n<p align=\"center\">\u00a0</p>\r\n</td>\r\n<td>\r\n<p>\u00a0</p>\r\n</td>\r\n<td>\r\n<p align=\"center\">\u00a0</p>\r\n</td>\r\n<td>\r\n<p align=\"center\">\u00a0</p>\r\n</td>\r\n<td>\r\n<p align=\"center\">\u00a0</p>\r\n</td>\r\n<td></td>\r\n</tr>\r\n<tr>\r\n<td>\r\n<p align=\"center\">\u00a0<span>\u00a0</span><span>Projeto de Lei</span></p>\r\n</td>\r\n<td>\r\n<p align=\"center\"><span>009/2024</span><span>\u00a0</span>\u00a0</p>\r\n</td>\r\n<td>\r\n<p>\u00a0<span>Disp\u00f5e sobre Projeto de lei que cria nome de avenida que liga o povoado de Piedade a comunidade da Pimenteira, passa a ser Avenida\u00a0<strong>Vicente Herculano Pereira</strong>\u00a0<strong>,\u00a0</strong></span><span>neste Munic\u00edpio de Itapetim/PE, e d\u00e1 outras provid\u00eancias.</span></p>\r\n</td>\r\n<td>\r\n<p align=\"center\">\u00a0</p>\r\n<p align=\"center\">Vereador Di\u00f3genes Paes da Silva</p>\r\n<p align=\"center\">Vereador\u00a0 \u00a0 Jos\u00e9 Rom\u00e3o Pereira Alves</p>\r\n<p align=\"center\">Vereador\u00a0 \u00a0Jos\u00e9 Junio Moreira da Silva</p>\r\n</td>\r\n<td>\r\n<p align=\"center\">17/04/2024\u00a0</p>\r\n</td>\r\n<td>\r\n<p align=\"center\">\u00a0Aprovado</p>\r\n</td>\r\n<td><a title=\"\" href=\"https://www.itapetim.pe.leg.br/leis/projetos-de-leis-1/projetos-de-lei-do-legislativo-009-2024.pdf\" class=\"internal-link\" target=\"_self\"><img src=\"https://www.itapetim.pe.leg.br/kisspngdownloadpdfdigitalmobileradioinformation5ae11add4ce077.7111571215247019173149.png/@@images/be1bd227-e12a-4ff4-a4bd-b148d7cb2990.png\" alt=\"\" class=\"image-inline\" title=\"\" /></a></td>\r\n</tr>\r\n</tbody>\r\n</table>", "author_name": "", "version": "1.0", "author_url": "https://www.itapetim.pe.leg.br/author/adm", "provider_name": "Camara Municipal Itapetim", "type": "rich"}